{"id":253,"global_id":"www.stages-gestalt.fr?id=253","global_id_lineage":["www.stages-gestalt.fr?id=253"],"author":"2","status":"publish","date":"2016-11-20 12:03:27","date_utc":"2016-11-20 11:03:27","modified":"2025-01-26 12:26:44","modified_utc":"2025-01-26 11:26:44","url":"http:\/\/www.stages-gestalt.fr\/?tribe_events=supervision-27-jan-17","rest_url":"http:\/\/www.stages-gestalt.fr\/index.php?rest_route=\/tribe\/events\/v1\/events\/253","title":"Supervision","description":"<p>Au programme : supervision de cas, psychopathologie, entra\u00eenement \u00e0 la pratique, conseils \u00e0\u00a0\u00a0\u00a0\u00a0\u00a0 \u00a0 \u00a0 \u00a0 \u00a0 l&rsquo;installation.<\/p>\n<p>Une demi-journ\u00e9e (toujours un vendredi) par mois de supervision en groupe mixte : y participent des praticiens en Gestalt et d&rsquo;autres approches humanistes.<\/p>\n<p>Me contacter pour conna\u00eetre les dates \u00e0 venir.<\/p>","excerpt":"","slug":"supervision-27-jan-17","image":false,"all_day":false,"start_date":"2025-01-09 10:30:00","start_date_details":{"year":"2025","month":"01","day":"09","hour":"10","minutes":"30","seconds":"00"},"end_date":"2025-12-19 16:30:00","end_date_details":{"year":"2025","month":"12","day":"19","hour":"16","minutes":"30","seconds":"00"},"utc_start_date":"2025-01-09 09:30:00","utc_start_date_details":{"year":"2025","month":"01","day":"09","hour":"09","minutes":"30","seconds":"00"},"utc_end_date":"2025-12-19 15:30:00","utc_end_date_details":{"year":"2025","month":"12","day":"19","hour":"15","minutes":"30","seconds":"00"},"timezone":"Europe\/Paris","timezone_abbr":"CET","cost":"100\u20ac","cost_details":{"currency_symbol":"\u20ac","currency_code":"USD","currency_position":"suffix","values":["100"]},"website":"","show_map":false,"show_map_link":false,"hide_from_listings":false,"sticky":false,"featured":false,"categories":[{"name":"Supervision pour professionnels","slug":"supervision-pour-professionnels","term_group":0,"term_taxonomy_id":29,"taxonomy":"tribe_events_cat","description":"Groupe de supervision  anim\u00e9 par Manon van Woensel, \u00e0 N\u00eemes.","parent":0,"count":1,"filter":"raw","id":29,"urls":{"self":"http:\/\/www.stages-gestalt.fr\/index.php?rest_route=\/tribe\/events\/v1\/categories\/29","collection":"http:\/\/www.stages-gestalt.fr\/index.php?rest_route=\/tribe\/events\/v1\/categories"}}],"tags":[{"name":"entra\u00eenement","slug":"entrainement","term_group":0,"term_taxonomy_id":38,"taxonomy":"post_tag","description":"","parent":0,"count":1,"filter":"raw","id":38,"urls":{"self":"http:\/\/www.stages-gestalt.fr\/index.php?rest_route=\/tribe\/events\/v1\/tags\/38","collection":"http:\/\/www.stages-gestalt.fr\/index.php?rest_route=\/tribe\/events\/v1\/tags"}},{"name":"installation","slug":"installation","term_group":0,"term_taxonomy_id":39,"taxonomy":"post_tag","description":"","parent":0,"count":1,"filter":"raw","id":39,"urls":{"self":"http:\/\/www.stages-gestalt.fr\/index.php?rest_route=\/tribe\/events\/v1\/tags\/39","collection":"http:\/\/www.stages-gestalt.fr\/index.php?rest_route=\/tribe\/events\/v1\/tags"}},{"name":"psychopathologie","slug":"psychopathologie","term_group":0,"term_taxonomy_id":37,"taxonomy":"post_tag","description":"","parent":0,"count":1,"filter":"raw","id":37,"urls":{"self":"http:\/\/www.stages-gestalt.fr\/index.php?rest_route=\/tribe\/events\/v1\/tags\/37","collection":"http:\/\/www.stages-gestalt.fr\/index.php?rest_route=\/tribe\/events\/v1\/tags"}},{"name":"supervision","slug":"supervision","term_group":0,"term_taxonomy_id":36,"taxonomy":"post_tag","description":"","parent":0,"count":1,"filter":"raw","id":36,"urls":{"self":"http:\/\/www.stages-gestalt.fr\/index.php?rest_route=\/tribe\/events\/v1\/tags\/36","collection":"http:\/\/www.stages-gestalt.fr\/index.php?rest_route=\/tribe\/events\/v1\/tags"}}],"venue":{"id":516,"author":"2","status":"publish","date":"2025-01-26 12:26:15","date_utc":"2025-01-26 11:26:15","modified":"2025-01-26 12:26:15","modified_utc":"2025-01-26 11:26:15","url":"http:\/\/www.stages-gestalt.fr\/?tribe_venue=nimes","venue":"N\u00eemes","slug":"nimes","country":"France","zip":"30000","phone":"0671589321","json_ld":{"@type":"Place","name":"N\u00eemes","description":"","url":"","address":{"@type":"PostalAddress","postalCode":"30000","addressCountry":"France"},"telephone":"0671589321","sameAs":""},"show_map":true,"show_map_link":true,"global_id":"www.stages-gestalt.fr?id=516","global_id_lineage":["www.stages-gestalt.fr?id=516"]},"organizer":[{"id":254,"author":"2","status":"publish","date":"2016-11-20 12:03:27","date_utc":"2016-11-20 11:03:27","modified":"2016-11-20 12:03:27","modified_utc":"2016-11-20 11:03:27","url":"http:\/\/www.stages-gestalt.fr\/?tribe_organizer=manon-van-woensel","organizer":"Manon van Woensel","slug":"manon-van-woensel","phone":"06 71 58 93 21","website":"www.stages-gestalt.fr","json_ld":{"@type":"Person","name":"Manon van Woensel","description":"","url":"http:\/\/www.stages-gestalt.fr","telephone":"06 71 58 93 21","email":"","sameAs":"http:\/\/www.stages-gestalt.fr"},"global_id":"www.stages-gestalt.fr?id=254","global_id_lineage":["www.stages-gestalt.fr?id=254"]}],"json_ld":{"@context":"http:\/\/schema.org","@type":"Event","name":"Supervision","description":"&lt;p&gt;Au programme : supervision de cas, psychopathologie, entra\u00eenement \u00e0 la pratique, conseils \u00e0\u00a0\u00a0\u00a0\u00a0\u00a0 \u00a0 \u00a0 \u00a0 \u00a0 l\\'installation. Une demi-journ\u00e9e (toujours un vendredi) par mois de supervision en groupe mixte [&hellip;]&lt;\/p&gt;\\n","url":"http:\/\/www.stages-gestalt.fr\/?tribe_events=supervision-27-jan-17","eventAttendanceMode":"https:\/\/schema.org\/OfflineEventAttendanceMode","eventStatus":"https:\/\/schema.org\/EventScheduled","startDate":"2025-01-09T10:30:00+01:00","endDate":"2025-12-19T16:30:00+01:00","location":{"@type":"Place","name":"N\u00eemes","description":"","url":"","address":{"@type":"PostalAddress","postalCode":"30000","addressCountry":"France"},"telephone":"0671589321","sameAs":""},"organizer":{"@type":"Person","name":"Manon van Woensel","description":"","url":"http:\/\/www.stages-gestalt.fr","telephone":"06 71 58 93 21","email":"","sameAs":"http:\/\/www.stages-gestalt.fr"},"offers":{"@type":"Offer","price":"100","priceCurrency":"USD","url":"http:\/\/www.stages-gestalt.fr\/?tribe_events=supervision-27-jan-17","category":"primary","availability":"inStock","validFrom":"1970-01-01T00:00:00+00:00"},"performer":"Organization"}}