{"id":29,"count":1,"description":"Groupe de supervision  anim\u00e9 par Manon van Woensel, \u00e0 N\u00eemes.","link":"http:\/\/www.stages-gestalt.fr\/?tribe_events_cat=supervision-pour-professionnels","name":"Supervision pour professionnels","slug":"supervision-pour-professionnels","taxonomy":"tribe_events_cat","parent":0,"meta":[],"_links":{"self":[{"href":"http:\/\/www.stages-gestalt.fr\/index.php?rest_route=\/wp\/v2\/tribe_events_cat\/29","targetHints":{"allow":["GET"]}}],"collection":[{"href":"http:\/\/www.stages-gestalt.fr\/index.php?rest_route=\/wp\/v2\/tribe_events_cat"}],"about":[{"href":"http:\/\/www.stages-gestalt.fr\/index.php?rest_route=\/wp\/v2\/taxonomies\/tribe_events_cat"}],"wp:post_type":[{"href":"http:\/\/www.stages-gestalt.fr\/index.php?rest_route=%2Fwp%2Fv2%2Ftribe_events&tribe_events_cat=29"}],"curies":[{"name":"wp","href":"https:\/\/api.w.org\/{rel}","templated":true}]}}